{"id":1321,"date":"2023-06-02T09:52:01","date_gmt":"2023-06-02T07:52:01","guid":{"rendered":"https:\/\/cabanes-salaison.fr\/?p=1321"},"modified":"2023-06-21T18:49:45","modified_gmt":"2023-06-21T16:49:45","slug":"festicabana-2023","status":"publish","type":"post","link":"https:\/\/cabanes-salaison.fr\/index.php\/2023\/06\/02\/festicabana-2023\/","title":{"rendered":"Festi&rsquo;cabana 2023"},"content":{"rendered":"\t\t<div data-elementor-type=\"wp-post\" data-elementor-id=\"1321\" class=\"elementor elementor-1321\">\n\t\t\t\t\t\t<section class=\"elementor-section elementor-top-section elementor-element elementor-element-ecqmkxl elementor-section-boxed elementor-section-height-default elementor-section-height-default\" data-id=\"ecqmkxl\" data-element_type=\"section\" data-e-type=\"section\">\n\t\t\t\t\t\t<div class=\"elementor-container elementor-column-gap-default\">\n\t\t\t\t\t<div class=\"elementor-column elementor-col-33 elementor-top-column elementor-element elementor-element-qkcbgnd\" data-id=\"qkcbgnd\" data-element_type=\"column\" data-e-type=\"column\">\n\t\t\t<div class=\"elementor-widget-wrap\">\n\t\t\t\t\t\t\t<\/div>\n\t\t<\/div>\n\t\t\t\t<div class=\"elementor-column elementor-col-33 elementor-top-column elementor-element elementor-element-5cdy1yv\" data-id=\"5cdy1yv\" data-element_type=\"column\" data-e-type=\"column\">\n\t\t\t<div class=\"elementor-widget-wrap elementor-element-populated\">\n\t\t\t\t\t\t<div class=\"elementor-element elementor-element-hsrszwk elementor-widget elementor-widget-text-editor\" data-id=\"hsrszwk\" data-element_type=\"widget\" data-e-type=\"widget\" data-widget_type=\"text-editor.default\">\n\t\t\t\t<div class=\"elementor-widget-container\">\n\t\t\t\t\t\t\t\t\t<p>L&rsquo;association des Cabanes du Salaison f\u00eate son cinquantenaire cette ann\u00e9e avec l&rsquo;\u00e9v\u00e8nement Festi&rsquo;cabana 2023 les 16, 23, 24 et 25 juin 2023.<\/p>\t\t\t\t\t\t\t\t<\/div>\n\t\t\t\t<\/div>\n\t\t\t\t\t<\/div>\n\t\t<\/div>\n\t\t\t\t<div class=\"elementor-column elementor-col-33 elementor-top-column elementor-element elementor-element-f65c8rx\" data-id=\"f65c8rx\" data-element_type=\"column\" data-e-type=\"column\">\n\t\t\t<div class=\"elementor-widget-wrap\">\n\t\t\t\t\t\t\t<\/div>\n\t\t<\/div>\n\t\t\t\t\t<\/div>\n\t\t<\/section>\n\t\t\t\t<section class=\"elementor-section elementor-top-section elementor-element elementor-element-du1hyck elementor-section-boxed elementor-section-height-default elementor-section-height-default\" data-id=\"du1hyck\" data-element_type=\"section\" data-e-type=\"section\">\n\t\t\t\t\t\t<div class=\"elementor-container elementor-column-gap-default\">\n\t\t\t\t\t<div class=\"elementor-column elementor-col-100 elementor-top-column elementor-element elementor-element-lxg1u49\" data-id=\"lxg1u49\" data-element_type=\"column\" data-e-type=\"column\">\n\t\t\t<div class=\"elementor-widget-wrap elementor-element-populated\">\n\t\t\t\t\t\t<div class=\"elementor-element elementor-element-dibq3xx gallery-spacing-custom elementor-widget elementor-widget-image-gallery\" data-id=\"dibq3xx\" data-element_type=\"widget\" data-e-type=\"widget\" data-widget_type=\"image-gallery.default\">\n\t\t\t\t<div class=\"elementor-widget-container\">\n\t\t\t\t\t\t\t<div class=\"elementor-image-gallery\">\n\t\t\t<div id='gallery-1' class='gallery galleryid-1321 gallery-columns-1 gallery-size-medium_large'><figure class='gallery-item'>\n\t\t\t<div class='gallery-icon portrait'>\n\t\t\t\t<a data-elementor-open-lightbox=\"yes\" data-elementor-lightbox-slideshow=\"dibq3xx\" data-elementor-lightbox-title=\"affiche festicabana 2023\" data-e-action-hash=\"#elementor-action%3Aaction%3Dlightbox%26settings%3DeyJpZCI6MTMyMywidXJsIjoiaHR0cHM6XC9cL2NhYmFuZXMtc2FsYWlzb24uZnJcL3dwLWNvbnRlbnRcL3VwbG9hZHNcLzIwMjNcLzA2XC9hZmZpY2hlLWZlc3RpY2FiYW5hLXBhZ2UwMDEtc2NhbGVkLmpwZWciLCJzbGlkZXNob3ciOiJkaWJxM3h4In0%3D\" href='https:\/\/cabanes-salaison.fr\/wp-content\/uploads\/2023\/06\/affiche-festicabana-page001-scaled.jpeg'><img fetchpriority=\"high\" decoding=\"async\" width=\"768\" height=\"1087\" src=\"https:\/\/cabanes-salaison.fr\/wp-content\/uploads\/2023\/06\/affiche-festicabana-page001-768x1087.jpeg\" class=\"attachment-medium_large size-medium_large\" alt=\"cinquantenaire, association Cabanes du Salaison, 16 23 24 25 juin 2023, festicabana\" srcset=\"https:\/\/cabanes-salaison.fr\/wp-content\/uploads\/2023\/06\/affiche-festicabana-page001-768x1087.jpeg 768w, https:\/\/cabanes-salaison.fr\/wp-content\/uploads\/2023\/06\/affiche-festicabana-page001-212x300.jpeg 212w, https:\/\/cabanes-salaison.fr\/wp-content\/uploads\/2023\/06\/affiche-festicabana-page001-723x1024.jpeg 723w, https:\/\/cabanes-salaison.fr\/wp-content\/uploads\/2023\/06\/affiche-festicabana-page001-1085x1536.jpeg 1085w, https:\/\/cabanes-salaison.fr\/wp-content\/uploads\/2023\/06\/affiche-festicabana-page001-1447x2048.jpeg 1447w, https:\/\/cabanes-salaison.fr\/wp-content\/uploads\/2023\/06\/affiche-festicabana-page001-1320x1869.jpeg 1320w, https:\/\/cabanes-salaison.fr\/wp-content\/uploads\/2023\/06\/affiche-festicabana-page001-600x849.jpeg 600w, https:\/\/cabanes-salaison.fr\/wp-content\/uploads\/2023\/06\/affiche-festicabana-page001-scaled.jpeg 1808w\" sizes=\"(max-width: 768px) 100vw, 768px\" \/><\/a>\n\t\t\t<\/div><\/figure>\n\t\t<\/div>\n\t\t<\/div>\n\t\t\t\t\t\t<\/div>\n\t\t\t\t<\/div>\n\t\t\t\t\t<\/div>\n\t\t<\/div>\n\t\t\t\t\t<\/div>\n\t\t<\/section>\n\t\t\t\t<section class=\"elementor-section elementor-top-section elementor-element elementor-element-f228e3f elementor-section-boxed elementor-section-height-default elementor-section-height-default\" data-id=\"f228e3f\" data-element_type=\"section\" data-e-type=\"section\">\n\t\t\t\t\t\t<div class=\"elementor-container elementor-column-gap-default\">\n\t\t\t\t\t<div class=\"elementor-column elementor-col-50 elementor-top-column elementor-element elementor-element-b0f7ecd\" data-id=\"b0f7ecd\" data-element_type=\"column\" data-e-type=\"column\">\n\t\t\t<div class=\"elementor-widget-wrap elementor-element-populated\">\n\t\t\t\t\t\t<div class=\"elementor-element elementor-element-b6199d0 elementor-widget elementor-widget-text-editor\" data-id=\"b6199d0\" data-element_type=\"widget\" data-e-type=\"widget\" data-widget_type=\"text-editor.default\">\n\t\t\t\t<div class=\"elementor-widget-container\">\n\t\t\t\t\t\t\t\t\t<p>L&rsquo;association des Cabanes du Salaison-Mauguio vous d\u00e9voile son programme Festicabana 2023.<\/p>\t\t\t\t\t\t\t\t<\/div>\n\t\t\t\t<\/div>\n\t\t\t\t<div class=\"elementor-element elementor-element-123f654 elementor-widget elementor-widget-heading\" data-id=\"123f654\" data-element_type=\"widget\" data-e-type=\"widget\" data-widget_type=\"heading.default\">\n\t\t\t\t<div class=\"elementor-widget-container\">\n\t\t\t\t\t<h2 class=\"elementor-heading-title elementor-size-default\">Programme Festi'cabana 2023<\/h2>\t\t\t\t<\/div>\n\t\t\t\t<\/div>\n\t\t\t\t<div class=\"elementor-element elementor-element-8110cba elementor-arrows-position-inside elementor-pagination-position-outside elementor-widget elementor-widget-image-carousel\" data-id=\"8110cba\" data-element_type=\"widget\" data-e-type=\"widget\" data-settings=\"{&quot;slides_to_show&quot;:&quot;1&quot;,&quot;navigation&quot;:&quot;both&quot;,&quot;autoplay&quot;:&quot;yes&quot;,&quot;pause_on_hover&quot;:&quot;yes&quot;,&quot;pause_on_interaction&quot;:&quot;yes&quot;,&quot;autoplay_speed&quot;:5000,&quot;infinite&quot;:&quot;yes&quot;,&quot;effect&quot;:&quot;slide&quot;,&quot;speed&quot;:500}\" data-widget_type=\"image-carousel.default\">\n\t\t\t\t<div class=\"elementor-widget-container\">\n\t\t\t\t\t\t\t<div class=\"elementor-image-carousel-wrapper swiper\" role=\"region\" aria-roledescription=\"carousel\" aria-label=\"Carrousel d\u2019images\" dir=\"ltr\">\n\t\t\t<div class=\"elementor-image-carousel swiper-wrapper\" aria-live=\"off\">\n\t\t\t\t\t\t\t\t<div class=\"swiper-slide\" role=\"group\" aria-roledescription=\"slide\" aria-label=\"1 sur 1\"><figure class=\"swiper-slide-inner\"><img decoding=\"async\" class=\"swiper-slide-image\" src=\"https:\/\/cabanes-salaison.fr\/wp-content\/uploads\/2023\/06\/350633610_655390543085922_3073720369642679099_n.jpg\" alt=\"Programme festicabana 2023\" \/><\/figure><\/div>\t\t\t<\/div>\n\t\t\t\t\t<\/div>\n\t\t\t\t\t\t<\/div>\n\t\t\t\t<\/div>\n\t\t\t\t<div class=\"elementor-element elementor-element-e0e5156 elementor-widget elementor-widget-text-editor\" data-id=\"e0e5156\" data-element_type=\"widget\" data-e-type=\"widget\" data-widget_type=\"text-editor.default\">\n\t\t\t\t<div class=\"elementor-widget-container\">\n\t\t\t\t\t\t\t\t\t<p><br><\/p>\n<p>Avec le soutien de la R\u00e9gion Occitanie et de la mairie de Mauguio\/Carnon dans le cadre de Total Festum.<\/p>\t\t\t\t\t\t\t\t<\/div>\n\t\t\t\t<\/div>\n\t\t\t\t\t<\/div>\n\t\t<\/div>\n\t\t\t\t<div class=\"elementor-column elementor-col-50 elementor-top-column elementor-element elementor-element-baf4aa8\" data-id=\"baf4aa8\" data-element_type=\"column\" data-e-type=\"column\">\n\t\t\t<div class=\"elementor-widget-wrap elementor-element-populated\">\n\t\t\t\t\t\t\t<\/div>\n\t\t<\/div>\n\t\t\t\t\t<\/div>\n\t\t<\/section>\n\t\t\t\t<section class=\"elementor-section elementor-top-section elementor-element elementor-element-28d5d46 elementor-section-boxed elementor-section-height-default elementor-section-height-default\" data-id=\"28d5d46\" data-element_type=\"section\" data-e-type=\"section\">\n\t\t\t\t\t\t<div class=\"elementor-container elementor-column-gap-default\">\n\t\t\t\t\t<div class=\"elementor-column elementor-col-100 elementor-top-column elementor-element elementor-element-ad2f66f\" data-id=\"ad2f66f\" data-element_type=\"column\" data-e-type=\"column\">\n\t\t\t<div class=\"elementor-widget-wrap elementor-element-populated\">\n\t\t\t\t\t\t<div class=\"elementor-element elementor-element-9edd2c4 elementor-widget elementor-widget-heading\" data-id=\"9edd2c4\" data-element_type=\"widget\" data-e-type=\"widget\" data-widget_type=\"heading.default\">\n\t\t\t\t<div class=\"elementor-widget-container\">\n\t\t\t\t\t<h2 class=\"elementor-heading-title elementor-size-default\">24\/06\/23 : Atelier cuisine de l'\u00e9tang de l'Or<\/h2>\t\t\t\t<\/div>\n\t\t\t\t<\/div>\n\t\t\t\t<div class=\"elementor-element elementor-element-4e38843 elementor-arrows-position-inside elementor-pagination-position-outside elementor-widget elementor-widget-image-carousel\" data-id=\"4e38843\" data-element_type=\"widget\" data-e-type=\"widget\" data-settings=\"{&quot;navigation&quot;:&quot;both&quot;,&quot;autoplay&quot;:&quot;yes&quot;,&quot;pause_on_hover&quot;:&quot;yes&quot;,&quot;pause_on_interaction&quot;:&quot;yes&quot;,&quot;autoplay_speed&quot;:5000,&quot;infinite&quot;:&quot;yes&quot;,&quot;speed&quot;:500}\" data-widget_type=\"image-carousel.default\">\n\t\t\t\t<div class=\"elementor-widget-container\">\n\t\t\t\t\t\t\t<div class=\"elementor-image-carousel-wrapper swiper\" role=\"region\" aria-roledescription=\"carousel\" aria-label=\"Carrousel d\u2019images\" dir=\"ltr\">\n\t\t\t<div class=\"elementor-image-carousel swiper-wrapper\" aria-live=\"off\">\n\t\t\t\t\t\t\t\t<div class=\"swiper-slide\" role=\"group\" aria-roledescription=\"slide\" aria-label=\"1 sur 3\"><figure class=\"swiper-slide-inner\"><img decoding=\"async\" class=\"swiper-slide-image\" src=\"https:\/\/cabanes-salaison.fr\/wp-content\/uploads\/2023\/06\/fumage-anguille-225x300.jpg\" alt=\"fumage anguille\" \/><\/figure><\/div><div class=\"swiper-slide\" role=\"group\" aria-roledescription=\"slide\" aria-label=\"2 sur 3\"><figure class=\"swiper-slide-inner\"><img decoding=\"async\" class=\"swiper-slide-image\" src=\"https:\/\/cabanes-salaison.fr\/wp-content\/uploads\/2023\/06\/bisque-etrille-300x225.jpg\" alt=\"bisque etrille\" \/><\/figure><\/div><div class=\"swiper-slide\" role=\"group\" aria-roledescription=\"slide\" aria-label=\"3 sur 3\"><figure class=\"swiper-slide-inner\"><img decoding=\"async\" class=\"swiper-slide-image\" src=\"https:\/\/cabanes-salaison.fr\/wp-content\/uploads\/2023\/06\/recette-salicorne-300x225.jpg\" alt=\"recette salicorne\" \/><\/figure><\/div>\t\t\t<\/div>\n\t\t\t\t\t\t\t\t\t\t\t\t<div class=\"elementor-swiper-button elementor-swiper-button-prev\" role=\"button\" tabindex=\"0\">\n\t\t\t\t\t\t<i aria-hidden=\"true\" class=\"eicon-chevron-left\"><\/i>\t\t\t\t\t<\/div>\n\t\t\t\t\t<div class=\"elementor-swiper-button elementor-swiper-button-next\" role=\"button\" tabindex=\"0\">\n\t\t\t\t\t\t<i aria-hidden=\"true\" class=\"eicon-chevron-right\"><\/i>\t\t\t\t\t<\/div>\n\t\t\t\t\n\t\t\t\t\t\t\t\t\t<div class=\"swiper-pagination\"><\/div>\n\t\t\t\t\t\t\t\t\t<\/div>\n\t\t\t\t\t\t<\/div>\n\t\t\t\t<\/div>\n\t\t\t\t<div class=\"elementor-element elementor-element-32f8564 elementor-widget elementor-widget-text-editor\" data-id=\"32f8564\" data-element_type=\"widget\" data-e-type=\"widget\" data-widget_type=\"text-editor.default\">\n\t\t\t\t<div class=\"elementor-widget-container\">\n\t\t\t\t\t\t\t\t\t<p style=\"text-align: center;\">Venez d\u00e9couvrir en compagnie du chef cuisinier Damien Fourvel un atelier pas comme les autres \u00e0 Mauguio&#8230; Venez cuisiner et sublimer les produits de l&rsquo;\u00e9tang de l&rsquo;Or !\u00a0<\/p><div>\u00a0<\/div><div>Le chef viendra sp\u00e9cialement dans le cadre des 50 ans de l&rsquo;Association des Cabanes du Salaisons. Pendant deux heures, il vous surprendra avec le fumage des anguilles, les bisques d&rsquo;\u00e9trilles ou encore la transformation de la salicorne.\u00a0<\/div><div>\u00a0<\/div><div>Un atelier qui se terminera par une d\u00e9gustation des bons produits de notre \u00e9tang tant aim\u00e9, et int\u00e9gralement traduite en Occitan par une interpr\u00e8te.\u00a0<\/div><div>\u00a0<\/div><div>De quoi renouer avec nos origines occitanes et cabani\u00e8res dans un moment de convivialit\u00e9, au bord de l&rsquo;\u00e9tang de l&rsquo;Or\u00a0<\/div><div>\u00a0<\/div><div>Infos essentielles :\u00a0<\/div><div>&#8211; Gratuit\u00a0<\/div><div>&#8211; Pour tous<\/div><div>&#8211; Sur inscription uniquement, limit\u00e9 en nombre de participants (attention les places partent vite !)<\/div><div>&#8211; Samedi 24 juin 2023\u00a0<\/div><div>&#8211; De 10h \u00e0 13h\u00a0<\/div><div>&#8211; Place Marius Olive, au bout de la Route des Cabanes (merci de vous garer au Parking du Petit Pont ou de venir \u00e0 pied \/ v\u00e9lo car il ne sera pas possible de se garer directement sur place)\u00a0<\/div>\t\t\t\t\t\t\t\t<\/div>\n\t\t\t\t<\/div>\n\t\t\t\t\t<\/div>\n\t\t<\/div>\n\t\t\t\t\t<\/div>\n\t\t<\/section>\n\t\t\t\t<\/div>\n\t\t","protected":false},"excerpt":{"rendered":"<p>L&rsquo;association des Cabanes du Salaison f\u00eate son cinquantenaire cette ann\u00e9e avec l&rsquo;\u00e9v\u00e8nement Festi&rsquo;cabana 2023 les 16, 23, 24 et 25 juin 2023. L&rsquo;association des Cabanes du Salaison-Mauguio vous d\u00e9voile son programme Festicabana 2023. Programme Festi&rsquo;cabana 2023 Avec le soutien de la R\u00e9gion Occitanie et de la mairie de Mauguio\/Carnon dans le cadre de Total Festum. [&hellip;]<\/p>\n","protected":false},"author":1,"featured_media":1323,"comment_status":"open","ping_status":"open","sticky":false,"template":"","format":"standard","meta":{"_seopress_robots_primary_cat":"","_seopress_titles_title":"","_seopress_titles_desc":"","_seopress_robots_index":"","ocean_post_layout":"","ocean_both_sidebars_style":"","ocean_both_sidebars_content_width":0,"ocean_both_sidebars_sidebars_width":0,"ocean_sidebar":"0","ocean_second_sidebar":"0","ocean_disable_margins":"enable","ocean_add_body_class":"","ocean_shortcode_before_top_bar":"","ocean_shortcode_after_top_bar":"","ocean_shortcode_before_header":"","ocean_shortcode_after_header":"","ocean_has_shortcode":"","ocean_shortcode_after_title":"","ocean_shortcode_before_footer_widgets":"","ocean_shortcode_after_footer_widgets":"","ocean_shortcode_before_footer_bottom":"","ocean_shortcode_after_footer_bottom":"","ocean_display_top_bar":"default","ocean_display_header":"default","ocean_header_style":"","ocean_center_header_left_menu":"0","ocean_custom_header_template":"0","ocean_custom_logo":0,"ocean_custom_retina_logo":0,"ocean_custom_logo_max_width":0,"ocean_custom_logo_tablet_max_width":0,"ocean_custom_logo_mobile_max_width":0,"ocean_custom_logo_max_height":0,"ocean_custom_logo_tablet_max_height":0,"ocean_custom_logo_mobile_max_height":0,"ocean_header_custom_menu":"0","ocean_menu_typo_font_family":"0","ocean_menu_typo_font_subset":"","ocean_menu_typo_font_size":0,"ocean_menu_typo_font_size_tablet":0,"ocean_menu_typo_font_size_mobile":0,"ocean_menu_typo_font_size_unit":"px","ocean_menu_typo_font_weight":"","ocean_menu_typo_font_weight_tablet":"","ocean_menu_typo_font_weight_mobile":"","ocean_menu_typo_transform":"","ocean_menu_typo_transform_tablet":"","ocean_menu_typo_transform_mobile":"","ocean_menu_typo_line_height":0,"ocean_menu_typo_line_height_tablet":0,"ocean_menu_typo_line_height_mobile":0,"ocean_menu_typo_line_height_unit":"","ocean_menu_typo_spacing":0,"ocean_menu_typo_spacing_tablet":0,"ocean_menu_typo_spacing_mobile":0,"ocean_menu_typo_spacing_unit":"","ocean_menu_link_color":"","ocean_menu_link_color_hover":"","ocean_menu_link_color_active":"","ocean_menu_link_background":"","ocean_menu_link_hover_background":"","ocean_menu_link_active_background":"","ocean_menu_social_links_bg":"","ocean_menu_social_hover_links_bg":"","ocean_menu_social_links_color":"","ocean_menu_social_hover_links_color":"","ocean_disable_title":"default","ocean_disable_heading":"default","ocean_post_title":"","ocean_post_subheading":"","ocean_post_title_style":"","ocean_post_title_background_color":"","ocean_post_title_background":0,"ocean_post_title_bg_image_position":"","ocean_post_title_bg_image_attachment":"","ocean_post_title_bg_image_repeat":"","ocean_post_title_bg_image_size":"","ocean_post_title_height":0,"ocean_post_title_bg_overlay":0.5,"ocean_post_title_bg_overlay_color":"","ocean_disable_breadcrumbs":"default","ocean_breadcrumbs_color":"","ocean_breadcrumbs_separator_color":"","ocean_breadcrumbs_links_color":"","ocean_breadcrumbs_links_hover_color":"","ocean_display_footer_widgets":"default","ocean_display_footer_bottom":"default","ocean_custom_footer_template":"0","_jetpack_memberships_contains_paid_content":false,"ocean_post_oembed":"","ocean_post_self_hosted_media":"","ocean_post_video_embed":"","ocean_link_format":"","ocean_link_format_target":"self","ocean_quote_format":"","ocean_quote_format_link":"post","ocean_gallery_link_images":"off","ocean_gallery_id":[],"footnotes":""},"categories":[8],"tags":[],"class_list":["post-1321","post","type-post","status-publish","format-standard","has-post-thumbnail","hentry","category-actu","entry","has-media"],"jetpack_featured_media_url":"https:\/\/cabanes-salaison.fr\/wp-content\/uploads\/2023\/06\/affiche-festicabana-page001-scaled.jpeg","jetpack_sharing_enabled":true,"_links":{"self":[{"href":"https:\/\/cabanes-salaison.fr\/index.php\/wp-json\/wp\/v2\/posts\/1321","targetHints":{"allow":["GET"]}}],"collection":[{"href":"https:\/\/cabanes-salaison.fr\/index.php\/wp-json\/wp\/v2\/posts"}],"about":[{"href":"https:\/\/cabanes-salaison.fr\/index.php\/wp-json\/wp\/v2\/types\/post"}],"author":[{"embeddable":true,"href":"https:\/\/cabanes-salaison.fr\/index.php\/wp-json\/wp\/v2\/users\/1"}],"replies":[{"embeddable":true,"href":"https:\/\/cabanes-salaison.fr\/index.php\/wp-json\/wp\/v2\/comments?post=1321"}],"version-history":[{"count":25,"href":"https:\/\/cabanes-salaison.fr\/index.php\/wp-json\/wp\/v2\/posts\/1321\/revisions"}],"predecessor-version":[{"id":1354,"href":"https:\/\/cabanes-salaison.fr\/index.php\/wp-json\/wp\/v2\/posts\/1321\/revisions\/1354"}],"wp:featuredmedia":[{"embeddable":true,"href":"https:\/\/cabanes-salaison.fr\/index.php\/wp-json\/wp\/v2\/media\/1323"}],"wp:attachment":[{"href":"https:\/\/cabanes-salaison.fr\/index.php\/wp-json\/wp\/v2\/media?parent=1321"}],"wp:term":[{"taxonomy":"category","embeddable":true,"href":"https:\/\/cabanes-salaison.fr\/index.php\/wp-json\/wp\/v2\/categories?post=1321"},{"taxonomy":"post_tag","embeddable":true,"href":"https:\/\/cabanes-salaison.fr\/index.php\/wp-json\/wp\/v2\/tags?post=1321"}],"curies":[{"name":"wp","href":"https:\/\/api.w.org\/{rel}","templated":true}]}}