{"id":1128,"date":"2022-06-15T11:27:31","date_gmt":"2022-06-15T09:27:31","guid":{"rendered":"https:\/\/cabanes-salaison.fr\/?p=1128"},"modified":"2022-07-01T12:02:50","modified_gmt":"2022-07-01T10:02:50","slug":"saint-jean-2022","status":"publish","type":"post","link":"https:\/\/cabanes-salaison.fr\/index.php\/2022\/06\/15\/saint-jean-2022\/","title":{"rendered":"F\u00eate de la Saint Jean le vendredi 24 juin 2022 (et atelier de pr\u00e9paration \u00e0 la m\u00e9diath\u00e8que le mercredi 22 juin 14h sur inscription)"},"content":{"rendered":"\t\t<div data-elementor-type=\"wp-post\" data-elementor-id=\"1128\" class=\"elementor elementor-1128\">\n\t\t\t\t\t\t<section class=\"elementor-section elementor-top-section elementor-element elementor-element-ecqmkxl elementor-section-boxed elementor-section-height-default elementor-section-height-default\" data-id=\"ecqmkxl\" data-element_type=\"section\" data-e-type=\"section\">\n\t\t\t\t\t\t<div class=\"elementor-container elementor-column-gap-default\">\n\t\t\t\t\t<div class=\"elementor-column elementor-col-33 elementor-top-column elementor-element elementor-element-qkcbgnd\" data-id=\"qkcbgnd\" data-element_type=\"column\" data-e-type=\"column\">\n\t\t\t<div class=\"elementor-widget-wrap\">\n\t\t\t\t\t\t\t<\/div>\n\t\t<\/div>\n\t\t\t\t<div class=\"elementor-column elementor-col-33 elementor-top-column elementor-element elementor-element-5cdy1yv\" data-id=\"5cdy1yv\" data-element_type=\"column\" data-e-type=\"column\">\n\t\t\t<div class=\"elementor-widget-wrap elementor-element-populated\">\n\t\t\t\t\t\t<div class=\"elementor-element elementor-element-hsrszwk elementor-widget elementor-widget-text-editor\" data-id=\"hsrszwk\" data-element_type=\"widget\" data-e-type=\"widget\" data-widget_type=\"text-editor.default\">\n\t\t\t\t<div class=\"elementor-widget-container\">\n\t\t\t\t\t\t\t\t\t<p>RDV vendredi 24 juin 2022 \u00e0 18h30 pour cette soir\u00e9e enflamm\u00e9e \u00e0 ne pas manquer.<\/p>\t\t\t\t\t\t\t\t<\/div>\n\t\t\t\t<\/div>\n\t\t\t\t\t<\/div>\n\t\t<\/div>\n\t\t\t\t<div class=\"elementor-column elementor-col-33 elementor-top-column elementor-element elementor-element-f65c8rx\" data-id=\"f65c8rx\" data-element_type=\"column\" data-e-type=\"column\">\n\t\t\t<div class=\"elementor-widget-wrap\">\n\t\t\t\t\t\t\t<\/div>\n\t\t<\/div>\n\t\t\t\t\t<\/div>\n\t\t<\/section>\n\t\t\t\t<section class=\"elementor-section elementor-top-section elementor-element elementor-element-du1hyck elementor-section-boxed elementor-section-height-default elementor-section-height-default\" data-id=\"du1hyck\" data-element_type=\"section\" data-e-type=\"section\">\n\t\t\t\t\t\t<div class=\"elementor-container elementor-column-gap-default\">\n\t\t\t\t\t<div class=\"elementor-column elementor-col-100 elementor-top-column elementor-element elementor-element-lxg1u49\" data-id=\"lxg1u49\" data-element_type=\"column\" data-e-type=\"column\">\n\t\t\t<div class=\"elementor-widget-wrap elementor-element-populated\">\n\t\t\t\t\t\t<div class=\"elementor-element elementor-element-dibq3xx gallery-spacing-custom elementor-widget elementor-widget-image-gallery\" data-id=\"dibq3xx\" data-element_type=\"widget\" data-e-type=\"widget\" data-widget_type=\"image-gallery.default\">\n\t\t\t\t<div class=\"elementor-widget-container\">\n\t\t\t\t\t\t\t<div class=\"elementor-image-gallery\">\n\t\t\t<div id='gallery-1' class='gallery galleryid-1128 gallery-columns-1 gallery-size-medium_large'><figure class='gallery-item'>\n\t\t\t<div class='gallery-icon portrait'>\n\t\t\t\t<a data-elementor-open-lightbox=\"yes\" data-elementor-lightbox-slideshow=\"dibq3xx\" data-elementor-lightbox-title=\"F\u00eate de la saint jean, 24 juin 2022, asoociation des Cabanes du Salaison-Mauguio\" data-elementor-lightbox-description=\"Le repas comprend:\n\nune assiette d\u2019anguilles marin\u00e9es cuitent au barbecue, a\u00efoli\nmelons et tomates bio (producteurs locaux)\nportion de riz\nfromages\nfruits frais\nvin (production locale)\" data-e-action-hash=\"#elementor-action%3Aaction%3Dlightbox%26settings%3DeyJpZCI6MTEzMCwidXJsIjoiaHR0cHM6XC9cL2NhYmFuZXMtc2FsYWlzb24uZnJcL3dwLWNvbnRlbnRcL3VwbG9hZHNcLzIwMjJcLzA2XC9zYWludC1qZWFuLnBuZyIsInNsaWRlc2hvdyI6ImRpYnEzeHgifQ%3D%3D\" href='https:\/\/cabanes-salaison.fr\/wp-content\/uploads\/2022\/06\/saint-jean.png'><img fetchpriority=\"high\" decoding=\"async\" width=\"562\" height=\"779\" src=\"https:\/\/cabanes-salaison.fr\/wp-content\/uploads\/2022\/06\/saint-jean.png\" class=\"attachment-medium_large size-medium_large\" alt=\"f\u00eate de la saint Jean, repas d&#039;anguilles, spectacle musical et visuel, feu, cano\u00ea, conf\u00e9rence botanique\" aria-describedby=\"gallery-1-1130\" srcset=\"https:\/\/cabanes-salaison.fr\/wp-content\/uploads\/2022\/06\/saint-jean.png 562w, https:\/\/cabanes-salaison.fr\/wp-content\/uploads\/2022\/06\/saint-jean-216x300.png 216w\" sizes=\"(max-width: 562px) 100vw, 562px\" \/><\/a>\n\t\t\t<\/div>\n\t\t\t\t<figcaption class='wp-caption-text gallery-caption' id='gallery-1-1130'>\n\t\t\t\tProgramme f\u00eate de la Saint Jean 2022\n\t\t\t\t<\/figcaption><\/figure><figure class='gallery-item'>\n\t\t\t<div class='gallery-icon landscape'>\n\t\t\t\t<a data-elementor-open-lightbox=\"yes\" data-elementor-lightbox-slideshow=\"dibq3xx\" data-elementor-lightbox-title=\"Cuisson des anguilles\" data-elementor-lightbox-description=\"Le repas comprend:\n\nune assiette d\u2019anguilles marin\u00e9es cuitent au barbecue, a\u00efoli\nmelons et tomates bio (producteurs locaux)\nportion de riz\nfromages\nfruits frais\nvin (production locale)\" data-e-action-hash=\"#elementor-action%3Aaction%3Dlightbox%26settings%3DeyJpZCI6MTI0MiwidXJsIjoiaHR0cHM6XC9cL2NhYmFuZXMtc2FsYWlzb24uZnJcL3dwLWNvbnRlbnRcL3VwbG9hZHNcLzIwMjJcLzA2XC8xNjU2NDM1NjY2MTM1LmpwZyIsInNsaWRlc2hvdyI6ImRpYnEzeHgifQ%3D%3D\" href='https:\/\/cabanes-salaison.fr\/wp-content\/uploads\/2022\/06\/1656435666135.jpg'><img decoding=\"async\" width=\"768\" height=\"432\" src=\"https:\/\/cabanes-salaison.fr\/wp-content\/uploads\/2022\/06\/1656435666135-768x432.jpg\" class=\"attachment-medium_large size-medium_large\" alt=\"\" aria-describedby=\"gallery-1-1242\" srcset=\"https:\/\/cabanes-salaison.fr\/wp-content\/uploads\/2022\/06\/1656435666135-768x432.jpg 768w, https:\/\/cabanes-salaison.fr\/wp-content\/uploads\/2022\/06\/1656435666135-300x169.jpg 300w, https:\/\/cabanes-salaison.fr\/wp-content\/uploads\/2022\/06\/1656435666135-1024x577.jpg 1024w, https:\/\/cabanes-salaison.fr\/wp-content\/uploads\/2022\/06\/1656435666135-1536x865.jpg 1536w, https:\/\/cabanes-salaison.fr\/wp-content\/uploads\/2022\/06\/1656435666135-800x450.jpg 800w, https:\/\/cabanes-salaison.fr\/wp-content\/uploads\/2022\/06\/1656435666135-1320x743.jpg 1320w, https:\/\/cabanes-salaison.fr\/wp-content\/uploads\/2022\/06\/1656435666135-600x338.jpg 600w, https:\/\/cabanes-salaison.fr\/wp-content\/uploads\/2022\/06\/1656435666135.jpg 1815w\" sizes=\"(max-width: 768px) 100vw, 768px\" \/><\/a>\n\t\t\t<\/div>\n\t\t\t\t<figcaption class='wp-caption-text gallery-caption' id='gallery-1-1242'>\n\t\t\t\tCuisson des anguilles \n\t\t\t\t<\/figcaption><\/figure><figure class='gallery-item'>\n\t\t\t<div class='gallery-icon landscape'>\n\t\t\t\t<a data-elementor-open-lightbox=\"yes\" data-elementor-lightbox-slideshow=\"dibq3xx\" data-elementor-lightbox-title=\"l&#039;art \u00e0 tatouille, saint Jean 2022\" data-elementor-lightbox-description=\"Le repas comprend:\n\nune assiette d\u2019anguilles marin\u00e9es cuitent au barbecue, a\u00efoli\nmelons et tomates bio (producteurs locaux)\nportion de riz\nfromages\nfruits frais\nvin (production locale)\" data-e-action-hash=\"#elementor-action%3Aaction%3Dlightbox%26settings%3DeyJpZCI6MTI0MywidXJsIjoiaHR0cHM6XC9cL2NhYmFuZXMtc2FsYWlzb24uZnJcL3dwLWNvbnRlbnRcL3VwbG9hZHNcLzIwMjJcLzA2XC8xNjU2NDM1NTc2NzY4LmpwZyIsInNsaWRlc2hvdyI6ImRpYnEzeHgifQ%3D%3D\" href='https:\/\/cabanes-salaison.fr\/wp-content\/uploads\/2022\/06\/1656435576768.jpg'><img decoding=\"async\" width=\"768\" height=\"509\" src=\"https:\/\/cabanes-salaison.fr\/wp-content\/uploads\/2022\/06\/1656435576768-768x509.jpg\" class=\"attachment-medium_large size-medium_large\" alt=\"L&#039;art \u00e0 tatouille, Roland Ramade, cabanes du Salaison\" aria-describedby=\"gallery-1-1243\" srcset=\"https:\/\/cabanes-salaison.fr\/wp-content\/uploads\/2022\/06\/1656435576768-768x509.jpg 768w, https:\/\/cabanes-salaison.fr\/wp-content\/uploads\/2022\/06\/1656435576768-300x199.jpg 300w, https:\/\/cabanes-salaison.fr\/wp-content\/uploads\/2022\/06\/1656435576768-600x398.jpg 600w, https:\/\/cabanes-salaison.fr\/wp-content\/uploads\/2022\/06\/1656435576768.jpg 1014w\" sizes=\"(max-width: 768px) 100vw, 768px\" \/><\/a>\n\t\t\t<\/div>\n\t\t\t\t<figcaption class='wp-caption-text gallery-caption' id='gallery-1-1243'>\n\t\t\t\tCollectif kalapech de Marseille , Roland Ramade\n\t\t\t\t<\/figcaption><\/figure>\n\t\t<\/div>\n\t\t<\/div>\n\t\t\t\t\t\t<\/div>\n\t\t\t\t<\/div>\n\t\t\t\t\t<\/div>\n\t\t<\/div>\n\t\t\t\t\t<\/div>\n\t\t<\/section>\n\t\t\t\t<section class=\"elementor-section elementor-top-section elementor-element elementor-element-f228e3f elementor-section-boxed elementor-section-height-default elementor-section-height-default\" data-id=\"f228e3f\" data-element_type=\"section\" data-e-type=\"section\">\n\t\t\t\t\t\t<div class=\"elementor-container elementor-column-gap-default\">\n\t\t\t\t\t<div class=\"elementor-column elementor-col-50 elementor-top-column elementor-element elementor-element-b0f7ecd\" data-id=\"b0f7ecd\" data-element_type=\"column\" data-e-type=\"column\">\n\t\t\t<div class=\"elementor-widget-wrap elementor-element-populated\">\n\t\t\t\t\t\t<div class=\"elementor-element elementor-element-b6199d0 elementor-widget elementor-widget-text-editor\" data-id=\"b6199d0\" data-element_type=\"widget\" data-e-type=\"widget\" data-widget_type=\"text-editor.default\">\n\t\t\t\t<div class=\"elementor-widget-container\">\n\t\t\t\t\t\t\t\t\t<p>L&rsquo;association des Cabanes du Salaison-Mauguio est heureuse de vous convier \u00e0 la f\u00eate de la Saint Jean.<\/p>\t\t\t\t\t\t\t\t<\/div>\n\t\t\t\t<\/div>\n\t\t\t\t<div class=\"elementor-element elementor-element-123f654 elementor-widget elementor-widget-heading\" data-id=\"123f654\" data-element_type=\"widget\" data-e-type=\"widget\" data-widget_type=\"heading.default\">\n\t\t\t\t<div class=\"elementor-widget-container\">\n\t\t\t\t\t<h2 class=\"elementor-heading-title elementor-size-default\">Pr\u00e9parons la Saint Jean<\/h2>\t\t\t\t<\/div>\n\t\t\t\t<\/div>\n\t\t\t\t<div class=\"elementor-element elementor-element-c822a4c elementor-widget elementor-widget-heading\" data-id=\"c822a4c\" data-element_type=\"widget\" data-e-type=\"widget\" data-widget_type=\"heading.default\">\n\t\t\t\t<div class=\"elementor-widget-container\">\n\t\t\t\t\t<h3 class=\"elementor-heading-title elementor-size-default\"><a href=\"https:\/\/www.mediatheque-mauguio-carnon.com\/evenements\/preparons-la-saint-jean\" target=\"_blank\">Mercredi 22 juin 2022 de 14h \u00e0 16h.<br>Pour les enfants \u00e0 partir de 6 ans et les familles.<br>A la m\u00e9diath\u00e8que Gaston Baissette.<br>Atelier chansons et fabrication d'instruments pour pr\u00e9parer la Saint Jean.<br>Gratuit sur inscription, m\u00e9diath\u00e8que: 0467295089<\/a><\/h3>\t\t\t\t<\/div>\n\t\t\t\t<\/div>\n\t\t\t\t<div class=\"elementor-element elementor-element-8110cba elementor-arrows-position-inside elementor-pagination-position-outside elementor-widget elementor-widget-image-carousel\" data-id=\"8110cba\" data-element_type=\"widget\" data-e-type=\"widget\" data-settings=\"{&quot;slides_to_show&quot;:&quot;1&quot;,&quot;navigation&quot;:&quot;both&quot;,&quot;autoplay&quot;:&quot;yes&quot;,&quot;pause_on_hover&quot;:&quot;yes&quot;,&quot;pause_on_interaction&quot;:&quot;yes&quot;,&quot;autoplay_speed&quot;:5000,&quot;infinite&quot;:&quot;yes&quot;,&quot;effect&quot;:&quot;slide&quot;,&quot;speed&quot;:500}\" data-widget_type=\"image-carousel.default\">\n\t\t\t\t<div class=\"elementor-widget-container\">\n\t\t\t\t\t\t\t<div class=\"elementor-image-carousel-wrapper swiper\" role=\"region\" aria-roledescription=\"carousel\" aria-label=\"Carrousel d\u2019images\" dir=\"ltr\">\n\t\t\t<div class=\"elementor-image-carousel swiper-wrapper\" aria-live=\"off\">\n\t\t\t\t\t\t\t\t<div class=\"swiper-slide\" role=\"group\" aria-roledescription=\"slide\" aria-label=\"1 sur 2\"><figure class=\"swiper-slide-inner\"><img decoding=\"async\" class=\"swiper-slide-image\" src=\"https:\/\/cabanes-salaison.fr\/wp-content\/uploads\/2022\/06\/ATELIER-ST-JEAN-scaled.jpg\" alt=\"Atelier m\u00e9diath\u00e8que de la Saint Jean du 22 juin 2022\" \/><figcaption class=\"elementor-image-carousel-caption\">Atelier Saint Jean, M\u00e9diath\u00e8que de Mauguio, 22 juin 2022<\/figcaption><\/figure><\/div><div class=\"swiper-slide\" role=\"group\" aria-roledescription=\"slide\" aria-label=\"2 sur 2\"><figure class=\"swiper-slide-inner\"><img decoding=\"async\" class=\"swiper-slide-image\" src=\"https:\/\/cabanes-salaison.fr\/wp-content\/uploads\/2022\/06\/hautbois_cabanes.jpg\" alt=\"atelier m\u00e9diath\u00e8que, pr\u00e9parons la saint jean\" \/><figcaption class=\"elementor-image-carousel-caption\">Jean Michel Lhubac<\/figcaption><\/figure><\/div>\t\t\t<\/div>\n\t\t\t\t\t\t\t\t\t\t\t\t<div class=\"elementor-swiper-button elementor-swiper-button-prev\" role=\"button\" tabindex=\"0\">\n\t\t\t\t\t\t<i aria-hidden=\"true\" class=\"eicon-chevron-left\"><\/i>\t\t\t\t\t<\/div>\n\t\t\t\t\t<div class=\"elementor-swiper-button elementor-swiper-button-next\" role=\"button\" tabindex=\"0\">\n\t\t\t\t\t\t<i aria-hidden=\"true\" class=\"eicon-chevron-right\"><\/i>\t\t\t\t\t<\/div>\n\t\t\t\t\n\t\t\t\t\t\t\t\t\t<div class=\"swiper-pagination\"><\/div>\n\t\t\t\t\t\t\t\t\t<\/div>\n\t\t\t\t\t\t<\/div>\n\t\t\t\t<\/div>\n\t\t\t\t<div class=\"elementor-element elementor-element-e0e5156 elementor-widget elementor-widget-text-editor\" data-id=\"e0e5156\" data-element_type=\"widget\" data-e-type=\"widget\" data-widget_type=\"text-editor.default\">\n\t\t\t\t<div class=\"elementor-widget-container\">\n\t\t\t\t\t\t\t\t\t<p>La Saint Jean est une f\u00eate importante de notre r\u00e9gion, car elle marque l\u2019entr\u00e9e dans l\u2019\u00e9t\u00e9 et les jours les plus longs. Elle se caract\u00e9rise par la cueillette des plantes m\u00e9dicinales dont les propri\u00e9t\u00e9s sont \u00e0 leur apog\u00e9e. Les feux rituels que l\u2019on saute pour s\u2019attirer un sort favorable lui a valu parfois la r\u00e9putation de f\u00eate de \u00ab sorci\u00e8res \u00bb !<\/p><p>Cette f\u00eate comprend \u00e9galement des musiques et des chants qui lui sont d\u00e9di\u00e9s, jusqu\u2019au moment magique o\u00f9 l\u2019on passe un rameau de millepertuis dans la flamme en chantant trois fois \u00ab Sant Joan la grana \u00bb.<\/p><p><strong>La Compagnie Banda Sagana<\/strong>, du nom d\u2019une sorci\u00e8re des l\u00e9gendes montpelli\u00e9raines, propose sa parade-charivari de la Saint Jean le 24 juin aux Cabanes du Salaison \u00e0 Mauguio.<br \/>Pour pr\u00e9parer cette nuit la plus courte, deux musiciens de la troupe,\u00a0<strong>Marie Jos\u00e9 Fages\u00a0<\/strong>et<strong>\u00a0Jean-Michel Lhubac,\u00a0<\/strong>\u00a0proposent aux familles et aux enfants d\u2019apprendre certains de ces chants rituels et de fabriquer les \u00ab instruments de t\u00e9n\u00e8bres \u00bb qui les accompagneront.<\/p><p>Avec le soutien de la R\u00e9gion Occitanie, dans le cadre de Total Festum.<\/p>\t\t\t\t\t\t\t\t<\/div>\n\t\t\t\t<\/div>\n\t\t\t\t\t<\/div>\n\t\t<\/div>\n\t\t\t\t<div class=\"elementor-column elementor-col-50 elementor-top-column elementor-element elementor-element-baf4aa8\" data-id=\"baf4aa8\" data-element_type=\"column\" data-e-type=\"column\">\n\t\t\t<div class=\"elementor-widget-wrap elementor-element-populated\">\n\t\t\t\t\t\t\t<\/div>\n\t\t<\/div>\n\t\t\t\t\t<\/div>\n\t\t<\/section>\n\t\t\t\t<\/div>\n\t\t","protected":false},"excerpt":{"rendered":"<p>RDV vendredi 24 juin 2022 \u00e0 18h30 pour cette soir\u00e9e enflamm\u00e9e \u00e0 ne pas manquer. Programme f\u00eate de la Saint Jean 2022 Cuisson des anguilles Collectif kalapech de Marseille , Roland Ramade L&rsquo;association des Cabanes du Salaison-Mauguio est heureuse de vous convier \u00e0 la f\u00eate de la Saint Jean. Pr\u00e9parons la Saint Jean Mercredi 22 [&hellip;]<\/p>\n","protected":false},"author":1,"featured_media":1130,"comment_status":"open","ping_status":"open","sticky":false,"template":"","format":"standard","meta":{"_seopress_robots_primary_cat":"","_seopress_titles_title":"","_seopress_titles_desc":"","_seopress_robots_index":"","ocean_post_layout":"","ocean_both_sidebars_style":"","ocean_both_sidebars_content_width":0,"ocean_both_sidebars_sidebars_width":0,"ocean_sidebar":"0","ocean_second_sidebar":"0","ocean_disable_margins":"enable","ocean_add_body_class":"","ocean_shortcode_before_top_bar":"","ocean_shortcode_after_top_bar":"","ocean_shortcode_before_header":"","ocean_shortcode_after_header":"","ocean_has_shortcode":"","ocean_shortcode_after_title":"","ocean_shortcode_before_footer_widgets":"","ocean_shortcode_after_footer_widgets":"","ocean_shortcode_before_footer_bottom":"","ocean_shortcode_after_footer_bottom":"","ocean_display_top_bar":"default","ocean_display_header":"default","ocean_header_style":"","ocean_center_header_left_menu":"0","ocean_custom_header_template":"0","ocean_custom_logo":0,"ocean_custom_retina_logo":0,"ocean_custom_logo_max_width":0,"ocean_custom_logo_tablet_max_width":0,"ocean_custom_logo_mobile_max_width":0,"ocean_custom_logo_max_height":0,"ocean_custom_logo_tablet_max_height":0,"ocean_custom_logo_mobile_max_height":0,"ocean_header_custom_menu":"0","ocean_menu_typo_font_family":"0","ocean_menu_typo_font_subset":"","ocean_menu_typo_font_size":0,"ocean_menu_typo_font_size_tablet":0,"ocean_menu_typo_font_size_mobile":0,"ocean_menu_typo_font_size_unit":"px","ocean_menu_typo_font_weight":"","ocean_menu_typo_font_weight_tablet":"","ocean_menu_typo_font_weight_mobile":"","ocean_menu_typo_transform":"","ocean_menu_typo_transform_tablet":"","ocean_menu_typo_transform_mobile":"","ocean_menu_typo_line_height":0,"ocean_menu_typo_line_height_tablet":0,"ocean_menu_typo_line_height_mobile":0,"ocean_menu_typo_line_height_unit":"","ocean_menu_typo_spacing":0,"ocean_menu_typo_spacing_tablet":0,"ocean_menu_typo_spacing_mobile":0,"ocean_menu_typo_spacing_unit":"","ocean_menu_link_color":"","ocean_menu_link_color_hover":"","ocean_menu_link_color_active":"","ocean_menu_link_background":"","ocean_menu_link_hover_background":"","ocean_menu_link_active_background":"","ocean_menu_social_links_bg":"","ocean_menu_social_hover_links_bg":"","ocean_menu_social_links_color":"","ocean_menu_social_hover_links_color":"","ocean_disable_title":"default","ocean_disable_heading":"default","ocean_post_title":"","ocean_post_subheading":"","ocean_post_title_style":"","ocean_post_title_background_color":"","ocean_post_title_background":0,"ocean_post_title_bg_image_position":"","ocean_post_title_bg_image_attachment":"","ocean_post_title_bg_image_repeat":"","ocean_post_title_bg_image_size":"","ocean_post_title_height":0,"ocean_post_title_bg_overlay":0.5,"ocean_post_title_bg_overlay_color":"","ocean_disable_breadcrumbs":"default","ocean_breadcrumbs_color":"","ocean_breadcrumbs_separator_color":"","ocean_breadcrumbs_links_color":"","ocean_breadcrumbs_links_hover_color":"","ocean_display_footer_widgets":"default","ocean_display_footer_bottom":"default","ocean_custom_footer_template":"0","_jetpack_memberships_contains_paid_content":false,"ocean_post_oembed":"","ocean_post_self_hosted_media":"","ocean_post_video_embed":"","ocean_link_format":"","ocean_link_format_target":"self","ocean_quote_format":"","ocean_quote_format_link":"post","ocean_gallery_link_images":"off","ocean_gallery_id":[],"footnotes":""},"categories":[8],"tags":[],"class_list":["post-1128","post","type-post","status-publish","format-standard","has-post-thumbnail","hentry","category-actu","entry","has-media"],"jetpack_featured_media_url":"https:\/\/cabanes-salaison.fr\/wp-content\/uploads\/2022\/06\/saint-jean.png","jetpack_sharing_enabled":true,"_links":{"self":[{"href":"https:\/\/cabanes-salaison.fr\/index.php\/wp-json\/wp\/v2\/posts\/1128","targetHints":{"allow":["GET"]}}],"collection":[{"href":"https:\/\/cabanes-salaison.fr\/index.php\/wp-json\/wp\/v2\/posts"}],"about":[{"href":"https:\/\/cabanes-salaison.fr\/index.php\/wp-json\/wp\/v2\/types\/post"}],"author":[{"embeddable":true,"href":"https:\/\/cabanes-salaison.fr\/index.php\/wp-json\/wp\/v2\/users\/1"}],"replies":[{"embeddable":true,"href":"https:\/\/cabanes-salaison.fr\/index.php\/wp-json\/wp\/v2\/comments?post=1128"}],"version-history":[{"count":49,"href":"https:\/\/cabanes-salaison.fr\/index.php\/wp-json\/wp\/v2\/posts\/1128\/revisions"}],"predecessor-version":[{"id":1254,"href":"https:\/\/cabanes-salaison.fr\/index.php\/wp-json\/wp\/v2\/posts\/1128\/revisions\/1254"}],"wp:featuredmedia":[{"embeddable":true,"href":"https:\/\/cabanes-salaison.fr\/index.php\/wp-json\/wp\/v2\/media\/1130"}],"wp:attachment":[{"href":"https:\/\/cabanes-salaison.fr\/index.php\/wp-json\/wp\/v2\/media?parent=1128"}],"wp:term":[{"taxonomy":"category","embeddable":true,"href":"https:\/\/cabanes-salaison.fr\/index.php\/wp-json\/wp\/v2\/categories?post=1128"},{"taxonomy":"post_tag","embeddable":true,"href":"https:\/\/cabanes-salaison.fr\/index.php\/wp-json\/wp\/v2\/tags?post=1128"}],"curies":[{"name":"wp","href":"https:\/\/api.w.org\/{rel}","templated":true}]}}